{"id":733,"date":"2025-05-21T19:59:17","date_gmt":"2025-05-21T17:59:17","guid":{"rendered":"https:\/\/nmsstpoelten-viehofen.ac.at\/?p=733"},"modified":"2025-05-21T19:59:17","modified_gmt":"2025-05-21T17:59:17","slug":"besuch-im-pflege-und-betreuungszentrum-st-poelten","status":"publish","type":"post","link":"https:\/\/nmsstpoelten-viehofen.ac.at\/?p=733","title":{"rendered":"Besuch im Pflege- und Betreuungszentrum St. P\u00f6lten"},"content":{"rendered":"\n<p>Einige Sch\u00fclerinnen der 3ab verbrachten einen gemeinsamen Vormittag mit den Tagesbewohnern des PBZ an der Traisen und gestalteten Blument\u00f6pfe. <br>Im Vorfeld wurde bereits eifrig Kontakt \u00fcber den Briefweg gekn\u00fcpft.<\/p>\n\n\n\n<figure class=\"wp-block-gallery has-nested-images columns-default is-cropped wp-block-gallery-1 is-layout-flex wp-block-gallery-is-layout-flex\">\n<figure class=\"wp-block-image size-large\"><img loading=\"lazy\" decoding=\"async\" width=\"1024\" height=\"576\" data-id=\"734\" src=\"https:\/\/nmsstpoelten-viehofen.ac.at\/wp-content\/uploads\/2025\/05\/PFlegeheim-05.25-1-1024x576.jpg\" alt=\"\" class=\"wp-image-734\" srcset=\"https:\/\/nmsstpoelten-viehofen.ac.at\/wp-content\/uploads\/2025\/05\/PFlegeheim-05.25-1-1024x576.jpg 1024w, https:\/\/nmsstpoelten-viehofen.ac.at\/wp-content\/uploads\/2025\/05\/PFlegeheim-05.25-1-300x169.jpg 300w, https:\/\/nmsstpoelten-viehofen.ac.at\/wp-content\/uploads\/2025\/05\/PFlegeheim-05.25-1-768x432.jpg 768w, https:\/\/nmsstpoelten-viehofen.ac.at\/wp-content\/uploads\/2025\/05\/PFlegeheim-05.25-1-1536x864.jpg 1536w, https:\/\/nmsstpoelten-viehofen.ac.at\/wp-content\/uploads\/2025\/05\/PFlegeheim-05.25-1.jpg 1600w\" sizes=\"auto, (max-width: 1024px) 100vw, 1024px\" \/><\/figure>\n\n\n\n<figure class=\"wp-block-image size-large\"><img loading=\"lazy\" decoding=\"async\" width=\"1024\" height=\"576\" data-id=\"736\" src=\"https:\/\/nmsstpoelten-viehofen.ac.at\/wp-content\/uploads\/2025\/05\/PFlegeheim-05.25-2-1024x576.jpg\" alt=\"\" class=\"wp-image-736\" srcset=\"https:\/\/nmsstpoelten-viehofen.ac.at\/wp-content\/uploads\/2025\/05\/PFlegeheim-05.25-2-1024x576.jpg 1024w, https:\/\/nmsstpoelten-viehofen.ac.at\/wp-content\/uploads\/2025\/05\/PFlegeheim-05.25-2-300x169.jpg 300w, https:\/\/nmsstpoelten-viehofen.ac.at\/wp-content\/uploads\/2025\/05\/PFlegeheim-05.25-2-768x432.jpg 768w, https:\/\/nmsstpoelten-viehofen.ac.at\/wp-content\/uploads\/2025\/05\/PFlegeheim-05.25-2-1536x864.jpg 1536w, https:\/\/nmsstpoelten-viehofen.ac.at\/wp-content\/uploads\/2025\/05\/PFlegeheim-05.25-2.jpg 1600w\" sizes=\"auto, (max-width: 1024px) 100vw, 1024px\" \/><\/figure>\n\n\n\n<figure class=\"wp-block-image size-large\"><img loading=\"lazy\" decoding=\"async\" width=\"1024\" height=\"576\" data-id=\"735\" src=\"https:\/\/nmsstpoelten-viehofen.ac.at\/wp-content\/uploads\/2025\/05\/PFlegeheim-05.25-3-1024x576.jpg\" alt=\"\" class=\"wp-image-735\" srcset=\"https:\/\/nmsstpoelten-viehofen.ac.at\/wp-content\/uploads\/2025\/05\/PFlegeheim-05.25-3-1024x576.jpg 1024w, https:\/\/nmsstpoelten-viehofen.ac.at\/wp-content\/uploads\/2025\/05\/PFlegeheim-05.25-3-300x169.jpg 300w, https:\/\/nmsstpoelten-viehofen.ac.at\/wp-content\/uploads\/2025\/05\/PFlegeheim-05.25-3-768x432.jpg 768w, https:\/\/nmsstpoelten-viehofen.ac.at\/wp-content\/uploads\/2025\/05\/PFlegeheim-05.25-3-1536x864.jpg 1536w, https:\/\/nmsstpoelten-viehofen.ac.at\/wp-content\/uploads\/2025\/05\/PFlegeheim-05.25-3.jpg 1600w\" sizes=\"auto, (max-width: 1024px) 100vw, 1024px\" \/><\/figure>\n<\/figure>\n","protected":false},"excerpt":{"rendered":"<p>Einige Sch\u00fclerinnen der 3ab verbrachten einen gemeinsamen Vormittag mit den Tagesbewohnern des PBZ an der Traisen und gestalteten Blument\u00f6pfe. Im Vorfeld wurde bereits eifrig Kontakt \u00fcber den Briefweg gekn\u00fcpft.<\/p>\n","protected":false},"author":2,"featured_media":0,"comment_status":"closed","ping_status":"open","sticky":false,"template":"","format":"standard","meta":{"footnotes":""},"categories":[1],"tags":[],"class_list":["post-733","post","type-post","status-publish","format-standard","hentry","category-allgemein"],"_links":{"self":[{"href":"https:\/\/nmsstpoelten-viehofen.ac.at\/index.php?rest_route=\/wp\/v2\/posts\/733","targetHints":{"allow":["GET"]}}],"collection":[{"href":"https:\/\/nmsstpoelten-viehofen.ac.at\/index.php?rest_route=\/wp\/v2\/posts"}],"about":[{"href":"https:\/\/nmsstpoelten-viehofen.ac.at\/index.php?rest_route=\/wp\/v2\/types\/post"}],"author":[{"embeddable":true,"href":"https:\/\/nmsstpoelten-viehofen.ac.at\/index.php?rest_route=\/wp\/v2\/users\/2"}],"replies":[{"embeddable":true,"href":"https:\/\/nmsstpoelten-viehofen.ac.at\/index.php?rest_route=%2Fwp%2Fv2%2Fcomments&post=733"}],"version-history":[{"count":1,"href":"https:\/\/nmsstpoelten-viehofen.ac.at\/index.php?rest_route=\/wp\/v2\/posts\/733\/revisions"}],"predecessor-version":[{"id":737,"href":"https:\/\/nmsstpoelten-viehofen.ac.at\/index.php?rest_route=\/wp\/v2\/posts\/733\/revisions\/737"}],"wp:attachment":[{"href":"https:\/\/nmsstpoelten-viehofen.ac.at\/index.php?rest_route=%2Fwp%2Fv2%2Fmedia&parent=733"}],"wp:term":[{"taxonomy":"category","embeddable":true,"href":"https:\/\/nmsstpoelten-viehofen.ac.at\/index.php?rest_route=%2Fwp%2Fv2%2Fcategories&post=733"},{"taxonomy":"post_tag","embeddable":true,"href":"https:\/\/nmsstpoelten-viehofen.ac.at\/index.php?rest_route=%2Fwp%2Fv2%2Ftags&post=733"}],"curies":[{"name":"wp","href":"https:\/\/api.w.org\/{rel}","templated":true}]}}